{"id":3155,"date":"2020-01-08T19:57:27","date_gmt":"2020-01-08T19:57:27","guid":{"rendered":"http:\/\/mem-tek.org\/tr\/?p=2774"},"modified":"2023-08-23T20:55:58","modified_gmt":"2023-08-23T20:55:58","slug":"memtek-2019-sempozyumu-gerceklestirildi","status":"publish","type":"post","link":"https:\/\/mem-tek.org\/index.php\/2020\/01\/08\/memtek-2019-sempozyumu-gerceklestirildi\/","title":{"rendered":"Uluslararas\u0131 MEMTEK 2019 Sempozyumu ger\u00e7ekle\u015ftirildi!"},"content":{"rendered":"<p>Bu y\u0131l alt\u0131nc\u0131s\u0131 ger\u00e7ekle\u015ftirilen \u201c6th MEMTEK Internatioal Symposium on Membrane Technologies and Applications &#8211; 6. MEMTEK Uluslararas\u0131 Membran Teknolojileri ve Uygulamalar\u0131 Sempozyumu\u201d \u0130stanbul Teknik \u00dcniversitesi Prof. Dr. Dincer Topac\u0131k Ulusal Membran Teknolojileri Uyg-Ar Merkezi (MEM-TEK) taraf\u0131ndan 18-20 Kas\u0131m 2019 tarihleri aras\u0131nda \u0130stanbul\u2019da d\u00fczenlendi.<\/p>\n<p><a href=\"https:\/\/mem-tek.org\/tr\/wp-content\/uploads\/Ac%CC%A7%C4%B1l%C4%B1s%CC%A7%20oturumu%20sonras%C4%B1%20tu%CC%88m%20kat%C4%B1l%C4%B1mc%C4%B1lar.jpg\"><img loading=\"lazy\" decoding=\"async\" class=\"alignnone\" alt=\"\" src=\"https:\/\/mem-tek.org\/tr\/wp-admin\/admin-ajax.php?action=imgedit-preview&amp;_ajax_nonce=db28a14a58&amp;postid=2785&amp;rand=54169\" width=\"400\" height=\"233\" \/><\/a><br \/>\nFoto\u011fraf: A\u00e7\u0131l\u0131\u015f oturumu sonras\u0131 t\u00fcm kat\u0131l\u0131mc\u0131lar<\/p>\n<p>Sempozyumun a\u00e7\u0131l\u0131\u015f oturumuna, Ankara Su ve Kanalizasyon \u0130daresi Genel M\u00fcd\u00fcr\u00fc Say\u0131n Prof. Dr. Cumali KINACI, Cumhurba\u015fkanl\u0131\u011f\u0131 Yerel Politikalar Y\u00f6netim Kurulu \u00dcyesi Say\u0131n Prof. Dr. L\u00fctfi AKCA, \u0130stanbul Teknik \u00dcniversitesi Rekt\u00f6r\u00fc Say\u0131n Prof. Dr. Mehmet KARACA, T\u00fcrkiye Bilimler Akademisi Ba\u015fkan\u0131 Say\u0131n Prof. Dr. Muzaffer \u015eEKER ve Orman ve Su \u0130\u015fleri \u00d6nceki D\u00f6nem Bakan\u0131 Say\u0131n Prof. Dr. Veysel ERO\u011eLU kat\u0131larak, \u00fclkemizde ve D\u00fcnya\u2019da su kaynaklar\u0131n\u0131n \u00f6nemini, iklim de\u011fi\u015fikli\u011finin su kaynaklar\u0131 \u00fczerine olan bask\u0131s\u0131n\u0131 ve membran teknolojilerinin su ve at\u0131ksu y\u00f6netimindeki \u00f6nemini vurgulayan a\u00e7\u0131l\u0131\u015f konu\u015fmalar\u0131 ile sempozyumu ba\u015flatt\u0131lar.<\/p>\n<p>Sempozyuma 5 k\u0131ta 24 \u00fclkeden 334 d\u00f6rt ki\u015fi kat\u0131ld\u0131. Sempozyumun ilk 2 g\u00fcn\u00fcnde, 3 paralel salonda toplam 16 bilimsel oturum; 87 s\u00f6zl\u00fc sunum ve 35 poster sunu\u015fu ger\u00e7ekle\u015ftirildi. Oturumlar sunulacak \u00e7al\u0131\u015fmalar\u0131n konular\u0131na g\u00f6re ayr\u0131lm\u0131\u015f olup, ilgili konulardaki uzman T\u00fcrk ve yabanc\u0131 akademisyenler oturum ba\u015fkanl\u0131klar\u0131n\u0131 \u00fcstlenmi\u015flerdir. Sempozyumun 2. g\u00fcn\u00fcnde ger\u00e7ekle\u015ftirilen kapan\u0131\u015f seremonisinde en ba\u015far\u0131l\u0131 \u00f6\u011frenci s\u00f6zl\u00fc sunumlar\u0131 ve poster sunumlar\u0131 \u00f6d\u00fcllendirildi.<\/p>\n<p>Sempozyumun 3. g\u00fcn\u00fcnde, temelleri 2009 y\u0131l\u0131nda at\u0131lan Prof. Dr. Dincer Topac\u0131k Ulusal Membran Teknolojileri Uyg-Ar Merkezinin (MEM-TEK) 10. y\u0131l d\u00f6n\u00fcm\u00fcn\u00fc \u0130stanbul Teknik \u00dcniversitesi Ayaza\u011fa Yerle\u015fkesi&#8217;nde kutlad\u0131. MEM-TEK 10. y\u0131l \u00f6zel etkinli\u011fi, MEM-TEK Merkez M\u00fcd\u00fcr\u00fc Prof. Dr. \u0130smail Koyuncu, \u0130T\u00dc Rekt\u00f6r\u00fc Prof. Dr. Mehmet Karaca ve Orman ve \u00c7evre Bakanl\u0131\u011f\u0131 \u00d6nceki D\u00f6nem M\u00fcste\u015far\u0131 Say\u0131n Prof. Dr. Hasan Zuhuri Sar\u0131kaya\u2019n\u0131n konu\u015fmalar\u0131yla ba\u015flad\u0131.<\/p>\n<p><img loading=\"lazy\" decoding=\"async\" class=\"alignnone\" alt=\"\" src=\"https:\/\/mem-tek.org\/tr\/wp-admin\/admin-ajax.php?action=imgedit-preview&amp;_ajax_nonce=63296a1886&amp;postid=2784&amp;rand=67114\" width=\"400\" height=\"265\" \/><\/p>\n<p>Foto\u011fraf: Prof. Dr. \u0130smail Koyuncu MEM-TEK 10. Y\u0131l \u00d6zel Etkinli\u011fi ve Paneli a\u00e7\u0131l\u0131\u015f konu\u015fmas\u0131n\u0131 yap\u0131yor.<\/p>\n<p>Etkinlik kapsam\u0131nda \u201cT\u00fcrkiye&#8217;de Membran Teknolojilerinin Yolculu\u011fu: MEM-TEK&#8217;in Rol\u00fc\u201d ba\u015fl\u0131kl\u0131 panel ger\u00e7ekle\u015ftirilerek membran teknolojileri konusundaki geli\u015fmeler ele al\u0131nd\u0131. Gebze Teknik \u00dcniversitesi \u00c7evre M\u00fchendisli\u011fi B\u00f6l\u00fcm\u00fc \u00f6\u011fretim \u00fcyesi Prof. Dr. B\u00fclent Keskinler\u2019in y\u00f6neticili\u011fini \u00fcstlendi\u011fi panele, Cumhurba\u015fkanl\u0131\u011f\u0131 Yerel Politikalar Y\u00f6netim Kurulu \u00dcyesi Prof. Dr. L\u00fctfi Ak\u00e7a, Singapur Ulusal \u00dcniversitesi \u00f6\u011fretim \u00fcyesi Prof. Dr. How Yong Ng, Michigan Devlet \u00dcniversitesi \u00f6\u011fretim \u00fcyesi Prof. Dr. Volodymyr Tarabara, F\u0131rat \u00dcniversitesi Rekt\u00f6r Yard\u0131mc\u0131s\u0131 Prof. Dr. Halil Hasar, \u0130T\u00dc NOVA Teknoloji Transfer Ofisi Genel M\u00fcd\u00fcr\u00fc Dr. Ercan \u00c7itil ve ENTA M\u00fchendislik\u2019ten Y\u00fcksek M\u00fchendis Uzi Sezer konu\u015fmac\u0131 olarak kat\u0131ld\u0131. Panel sonras\u0131nda MEM-TEK merkezinde yer alan laboratuvarlar konuklara gezdirildi.<\/p>\n<p><img loading=\"lazy\" decoding=\"async\" class=\"alignnone\" alt=\"\" src=\"https:\/\/mem-tek.org\/tr\/wp-admin\/admin-ajax.php?action=imgedit-preview&amp;_ajax_nonce=d29a31bad4&amp;postid=2788&amp;rand=43738\" width=\"400\" height=\"299\" \/><\/p>\n<p>Foto\u011fraf: Panelden g\u00f6r\u00fcnt\u00fcler<br \/>\n<img loading=\"lazy\" decoding=\"async\" class=\"alignnone\" alt=\"\" src=\"https:\/\/mem-tek.org\/tr\/wp-admin\/admin-ajax.php?action=imgedit-preview&amp;_ajax_nonce=f3e2027e80&amp;postid=2789&amp;rand=19684\" width=\"400\" height=\"185\" \/><br \/>\nFoto\u011fraf: Panel ve MEM-TEK Laboratuvarlar\u0131 Gezisi\u2019nden g\u00f6r\u00fcnt\u00fcler<\/p>\n<p>MEM-TEK\u2019de d\u00fczenlenen 10. y\u0131l \u00f6zel etkinli\u011finden sonra, MEMTEK 2019 sempozyumuna kat\u0131lanlar i\u00e7in \u0130stanbul\u2019da bulunan ve membran sistemlerinin kullan\u0131ld\u0131\u011f\u0131 2 tesise teknik gezi ger\u00e7ekle\u015ftirildi. \u0130lk ziyaret \u0130STA\u00c7 A.\u015e. \u2018ye ait K\u00f6m\u00fcrc\u00fcoda \u00e7\u00f6p s\u0131z\u0131nt\u0131 suyu ar\u0131tma tesisine yap\u0131ld\u0131.<\/p>\n<p><img loading=\"lazy\" decoding=\"async\" class=\"alignnone\" alt=\"\" src=\"https:\/\/mem-tek.org\/tr\/wp-admin\/admin-ajax.php?action=imgedit-preview&amp;_ajax_nonce=e13c6cd8ac&amp;postid=2790&amp;rand=47440\" width=\"368\" height=\"400\" \/><\/p>\n<p>Foto\u011fraf: K\u00f6m\u00fcrc\u00fcoda S\u0131z\u0131nt\u0131 Suyu Ar\u0131tma Tesisi teknik gezisi<\/p>\n<p>MEMTEK 2019 Teknik gezisinin ikinci b\u00f6l\u00fcm\u00fcnde ise \u0130stanbul A\u011fva\u2019da bulunan T\u00fcrkiye\u2019nin ilk yerli membranlar\u0131n\u0131n kullan\u0131ld\u0131\u011f\u0131 Membran Biyoreakt\u00f6r (MBR) tesisi ziyaret edildi.<\/p>\n<p><img loading=\"lazy\" decoding=\"async\" class=\"alignnone\" alt=\"\" src=\"https:\/\/mem-tek.org\/tr\/wp-admin\/admin-ajax.php?action=imgedit-preview&amp;_ajax_nonce=321a61ae7e&amp;postid=2792&amp;rand=91540\" width=\"400\" height=\"347\" \/><\/p>\n<p>Foto\u011fraf: \u0130SK\u0130 A\u011fva \u0130leri Biyolojik Evsel At\u0131ksu Ar\u0131tma Tesisi (MBR)<\/p>\n","protected":false},"excerpt":{"rendered":"<p>Bu y\u0131l alt\u0131nc\u0131s\u0131 ger\u00e7ekle\u015ftirilen \u201c6th MEMTEK Internatioal Symposium on Membrane Technologies and Applications &#8211; 6. MEMTEK Uluslararas\u0131 Membran Teknolojileri ve Uygulamalar\u0131 Sempozyumu\u201d \u0130stanbul Teknik \u00dcniversitesi Prof. Dr. Dincer Topac\u0131k Ulusal Membran Teknolojileri Uyg-Ar Merkezi (MEM-TEK) taraf\u0131ndan 18-20 Kas\u0131m 2019 tarihleri aras\u0131nda \u0130stanbul\u2019da d\u00fczenlendi. Foto\u011fraf: A\u00e7\u0131l\u0131\u015f oturumu sonras\u0131 t\u00fcm kat\u0131l\u0131mc\u0131lar Sempozyumun a\u00e7\u0131l\u0131\u015f oturumuna, Ankara Su ve [&hellip;]<\/p>\n","protected":false},"author":1,"featured_media":0,"comment_status":"closed","ping_status":"open","sticky":false,"template":"","format":"standard","meta":{"footnotes":""},"categories":[4],"tags":[],"class_list":["post-3155","post","type-post","status-publish","format-standard","hentry","category-haberler"],"_links":{"self":[{"href":"https:\/\/mem-tek.org\/index.php\/wp-json\/wp\/v2\/posts\/3155","targetHints":{"allow":["GET"]}}],"collection":[{"href":"https:\/\/mem-tek.org\/index.php\/wp-json\/wp\/v2\/posts"}],"about":[{"href":"https:\/\/mem-tek.org\/index.php\/wp-json\/wp\/v2\/types\/post"}],"author":[{"embeddable":true,"href":"https:\/\/mem-tek.org\/index.php\/wp-json\/wp\/v2\/users\/1"}],"replies":[{"embeddable":true,"href":"https:\/\/mem-tek.org\/index.php\/wp-json\/wp\/v2\/comments?post=3155"}],"version-history":[{"count":1,"href":"https:\/\/mem-tek.org\/index.php\/wp-json\/wp\/v2\/posts\/3155\/revisions"}],"predecessor-version":[{"id":8075,"href":"https:\/\/mem-tek.org\/index.php\/wp-json\/wp\/v2\/posts\/3155\/revisions\/8075"}],"wp:attachment":[{"href":"https:\/\/mem-tek.org\/index.php\/wp-json\/wp\/v2\/media?parent=3155"}],"wp:term":[{"taxonomy":"category","embeddable":true,"href":"https:\/\/mem-tek.org\/index.php\/wp-json\/wp\/v2\/categories?post=3155"},{"taxonomy":"post_tag","embeddable":true,"href":"https:\/\/mem-tek.org\/index.php\/wp-json\/wp\/v2\/tags?post=3155"}],"curies":[{"name":"wp","href":"https:\/\/api.w.org\/{rel}","templated":true}]}}